{"id":6637,"date":"2022-04-23T11:01:31","date_gmt":"2022-04-23T09:01:31","guid":{"rendered":"https:\/\/ileawo.com\/?p=6637"},"modified":"2022-04-23T11:12:57","modified_gmt":"2022-04-23T09:12:57","slug":"fallecimiento-alaafin-oyo","status":"publish","type":"post","link":"https:\/\/ileawo.com\/pt-br\/fallecimiento-alaafin-oyo\/","title":{"rendered":"Profundo pesar pela morte de Alaafin de Oyo"},"content":{"rendered":"<p>O Alaafin de Oyo, Oba Lamidi Adeyemi, faleceu h\u00e1 algumas horas aos 83 anos. De Il\u00e9 Awo nos juntamos \u00e0 profunda manifesta\u00e7\u00e3o de luto que a not\u00edcia causou na Nig\u00e9ria e em todo o mundo.<\/p>\n<p>Alaafin Adeyemi III nasceu em outubro de 1938 como Lamidi Olayiwola Atanda Adeyemi, herdeiro da casa real Alowolodu, descendentes diretos dos fundadores de Oyo. Ele foi coroado Alaafin de Oyo em novembro de 1970, sucedendo Oba Gbadegesin Ladigbolu I.<\/p>\n<p>Com 52 anos de reinado, o mais longo da hist\u00f3ria de Oyo, ele deixa um grande legado para a cultura iorub\u00e1. Sob seu reinado, a pr\u00e1tica da linhagem Oyo se espalhou pelo mundo, tornando o festival Sango uma das celebra\u00e7\u00f5es mais conhecidas da cultura iorub\u00e1 internacionalmente. Al\u00e9m disso, nos \u00faltimos dois anos, ele trabalhou em conjunto com a UNESCO em apoiar fortemente a candidatura do sistema de adivinha\u00e7\u00e3o Idasa Eerindilogun para alcan\u00e7ar sua declara\u00e7\u00e3o como Patrim\u00f4nio Cultural Imaterial da Humanidade.<\/p>\n<p>Durante seu reinado, ele foi o presidente permanente do Conselho de Obas e Chefes do Estado de Oyo e tamb\u00e9m foi reitor da Universidade Uthman dan Fodiyo de Sokoto de 1980 a 1992.<\/p>\n<p>Sua morte ocorre meses ap\u00f3s a morte de outros dois grandes monarcas do Estado de Oyo, o Olubadan de Ibadan, Saliu Adetunji, e o Soun de Ogbomoso, Jimoh Oyewumi. Ele tamb\u00e9m se soma ao falecimento do Elegun Sango Koso em dezembro e do Mogba Koso, o guardi\u00e3o do templo Sango, em outubro de 2020.<\/p>\n<p>O Bashorun de Oyo, Yusuf Akinade, o chefe do \u201cOyo Mesi\u201d liderar\u00e1 temporariamente Oyo enquanto o novo Alaafin, que pertencer\u00e1 \u00e0 casa governante Agunloye, \u00e9 coroado. O respons\u00e1vel por coroar o novo Alaafin ser\u00e1 o Mogba Koso, guardi\u00e3o do antigo santu\u00e1rio de S\u00e0ng\u00f3 K\u00f2so e da ancestral Coroa de S\u00e0ng\u00f3, tornando-se assim a nova representa\u00e7\u00e3o do orisa Sango na terra.<\/p>\n<p>Desejamos que seu reencontro com os ancestrais dele e de Olodumare seja feliz e que a partir da\u00ed ele continue nos ajudando da m\u00e3o de If\u00e1. Tamb\u00e9m esperamos que sua fam\u00edlia e todas as pessoas que admiram seu legado encontrem conforto.<\/p>\n"},"excerpt":{"rendered":"<p>O Alaafin de Oyo, Oba Lamidi Adeyemi, faleceu h\u00e1 algumas horas aos 83 anos. De Il\u00e9 Awo nos juntamos \u00e0 profunda manifesta\u00e7\u00e3o de luto que a<span class=\"excerpt-hellip\"> [\u2026]<\/span><\/p>\n","protected":false},"author":1,"featured_media":6634,"comment_status":"closed","ping_status":"closed","sticky":false,"template":"","format":"standard","meta":{"footnotes":""},"categories":[2700,2709],"class_list":["post-6637","post","type-post","status-publish","format-standard","has-post-thumbnail","hentry","category-news-pt-br","category-ileawo-pt-br"],"yoast_head":"<!-- This site is optimized with the Yoast SEO Premium plugin v25.2 (Yoast SEO v27.5) - https:\/\/yoast.com\/product\/yoast-seo-premium-wordpress\/ -->\n<title>Profundo pesar pela morte de Alaafin de Oyo - Il\u00e9 Awo<\/title>\n<meta name=\"description\" content=\"Ap\u00f3s 52 anos de reinado, o Alaafin de Oyo faleceu na noite desta sexta-feira aos 83 anos. De Il\u00e9 Awo nos juntamos ao luto por sua morte.\" \/>\n<meta name=\"robots\" content=\"index, follow, max-snippet:-1, max-image-preview:large, max-video-preview:-1\" \/>\n<link rel=\"canonical\" href=\"https:\/\/ileawo.com\/pt-br\/fallecimiento-alaafin-oyo\/\" \/>\n<meta property=\"og:locale\" content=\"pt_BR\" \/>\n<meta property=\"og:type\" content=\"article\" \/>\n<meta property=\"og:title\" content=\"Profundo pesar pela morte de Alaafin de Oyo\" \/>\n<meta property=\"og:description\" content=\"Ap\u00f3s 52 anos de reinado, o Alaafin de Oyo faleceu na noite desta sexta-feira aos 83 anos. De Il\u00e9 Awo nos juntamos ao luto por sua morte.\" \/>\n<meta property=\"og:url\" content=\"https:\/\/ileawo.com\/pt-br\/fallecimiento-alaafin-oyo\/\" \/>\n<meta property=\"og:site_name\" content=\"Il\u00e9 Awo\" \/>\n<meta property=\"article:publisher\" content=\"https:\/\/www.facebook.com\/ifabiyii\" \/>\n<meta property=\"article:published_time\" content=\"2022-04-23T09:01:31+00:00\" \/>\n<meta property=\"article:modified_time\" content=\"2022-04-23T09:12:57+00:00\" \/>\n<meta property=\"og:image\" content=\"http:\/\/ileawo.com\/wp-content\/uploads\/2022\/04\/alaafin-de-oyo.jpg\" \/>\n\t<meta property=\"og:image:width\" content=\"1080\" \/>\n\t<meta property=\"og:image:height\" content=\"720\" \/>\n\t<meta property=\"og:image:type\" content=\"image\/jpeg\" \/>\n<meta name=\"author\" content=\"If\u00e1b\u00edy\u00ec\u00ed Ak\u00f3d\u00e0\" \/>\n<meta name=\"twitter:card\" content=\"summary_large_image\" \/>\n<meta name=\"twitter:creator\" content=\"@ifabiyii\" \/>\n<meta name=\"twitter:site\" content=\"@ifabiyii\" \/>\n<!-- \/ Yoast SEO Premium plugin. -->","yoast_head_json":{"title":"Profundo pesar pela morte de Alaafin de Oyo - Il\u00e9 Awo","description":"Ap\u00f3s 52 anos de reinado, o Alaafin de Oyo faleceu na noite desta sexta-feira aos 83 anos. De Il\u00e9 Awo nos juntamos ao luto por sua morte.","robots":{"index":"index","follow":"follow","max-snippet":"max-snippet:-1","max-image-preview":"max-image-preview:large","max-video-preview":"max-video-preview:-1"},"canonical":"https:\/\/ileawo.com\/pt-br\/fallecimiento-alaafin-oyo\/","og_locale":"pt_BR","og_type":"article","og_title":"Profundo pesar pela morte de Alaafin de Oyo","og_description":"Ap\u00f3s 52 anos de reinado, o Alaafin de Oyo faleceu na noite desta sexta-feira aos 83 anos. De Il\u00e9 Awo nos juntamos ao luto por sua morte.","og_url":"https:\/\/ileawo.com\/pt-br\/fallecimiento-alaafin-oyo\/","og_site_name":"Il\u00e9 Awo","article_publisher":"https:\/\/www.facebook.com\/ifabiyii","article_published_time":"2022-04-23T09:01:31+00:00","article_modified_time":"2022-04-23T09:12:57+00:00","og_image":[{"width":1080,"height":720,"url":"http:\/\/ileawo.com\/wp-content\/uploads\/2022\/04\/alaafin-de-oyo.jpg","type":"image\/jpeg"}],"author":"If\u00e1b\u00edy\u00ec\u00ed Ak\u00f3d\u00e0","twitter_card":"summary_large_image","twitter_creator":"@ifabiyii","twitter_site":"@ifabiyii","schema":{"@context":"https:\/\/schema.org","@graph":[{"@type":["Article","BlogPosting"],"@id":"https:\/\/ileawo.com\/pt-br\/fallecimiento-alaafin-oyo\/#article","isPartOf":{"@id":"https:\/\/ileawo.com\/pt-br\/fallecimiento-alaafin-oyo\/"},"author":{"name":"If\u00e1b\u00edy\u00ec\u00ed Ak\u00f3d\u00e0","@id":"http:\/\/ileawo.com\/pt-br\/#\/schema\/person\/5b4d3af5a9aa8f02fe88dbeb048ef64a"},"headline":"Profundo pesar pela morte de Alaafin de Oyo","datePublished":"2022-04-23T09:01:31+00:00","dateModified":"2022-04-23T09:12:57+00:00","mainEntityOfPage":{"@id":"https:\/\/ileawo.com\/pt-br\/fallecimiento-alaafin-oyo\/"},"wordCount":365,"publisher":{"@id":"http:\/\/ileawo.com\/pt-br\/#organization"},"image":{"@id":"https:\/\/ileawo.com\/pt-br\/fallecimiento-alaafin-oyo\/#primaryimage"},"thumbnailUrl":"https:\/\/ileawo.com\/wp-content\/uploads\/2022\/04\/alaafin-de-oyo.jpg","articleSection":["Categoria para not\u00edcias de app","ileawo"],"inLanguage":"pt-BR"},{"@type":"WebPage","@id":"https:\/\/ileawo.com\/pt-br\/fallecimiento-alaafin-oyo\/","url":"https:\/\/ileawo.com\/pt-br\/fallecimiento-alaafin-oyo\/","name":"Profundo pesar pela morte de Alaafin de Oyo - Il\u00e9 Awo","isPartOf":{"@id":"http:\/\/ileawo.com\/pt-br\/#website"},"primaryImageOfPage":{"@id":"https:\/\/ileawo.com\/pt-br\/fallecimiento-alaafin-oyo\/#primaryimage"},"image":{"@id":"https:\/\/ileawo.com\/pt-br\/fallecimiento-alaafin-oyo\/#primaryimage"},"thumbnailUrl":"https:\/\/ileawo.com\/wp-content\/uploads\/2022\/04\/alaafin-de-oyo.jpg","datePublished":"2022-04-23T09:01:31+00:00","dateModified":"2022-04-23T09:12:57+00:00","description":"Ap\u00f3s 52 anos de reinado, o Alaafin de Oyo faleceu na noite desta sexta-feira aos 83 anos. De Il\u00e9 Awo nos juntamos ao luto por sua morte.","breadcrumb":{"@id":"https:\/\/ileawo.com\/pt-br\/fallecimiento-alaafin-oyo\/#breadcrumb"},"inLanguage":"pt-BR","potentialAction":[{"@type":"ReadAction","target":["https:\/\/ileawo.com\/pt-br\/fallecimiento-alaafin-oyo\/"]}]},{"@type":"ImageObject","inLanguage":"pt-BR","@id":"https:\/\/ileawo.com\/pt-br\/fallecimiento-alaafin-oyo\/#primaryimage","url":"https:\/\/ileawo.com\/wp-content\/uploads\/2022\/04\/alaafin-de-oyo.jpg","contentUrl":"https:\/\/ileawo.com\/wp-content\/uploads\/2022\/04\/alaafin-de-oyo.jpg","width":1080,"height":720,"caption":"El Alaafin de Oyo, Oba Lamidi Adeyemi | Facebook Alaafin"},{"@type":"BreadcrumbList","@id":"https:\/\/ileawo.com\/pt-br\/fallecimiento-alaafin-oyo\/#breadcrumb","itemListElement":[{"@type":"ListItem","position":1,"name":"Home","item":"http:\/\/ileawo.com\/pt-br\/"},{"@type":"ListItem","position":2,"name":"Profundo pesar pela morte de Alaafin de Oyo"}]},{"@type":"WebSite","@id":"http:\/\/ileawo.com\/pt-br\/#website","url":"http:\/\/ileawo.com\/pt-br\/","name":"Il\u00e9 Awo","description":"","publisher":{"@id":"http:\/\/ileawo.com\/pt-br\/#organization"},"potentialAction":[{"@type":"SearchAction","target":{"@type":"EntryPoint","urlTemplate":"http:\/\/ileawo.com\/pt-br\/?s={search_term_string}"},"query-input":{"@type":"PropertyValueSpecification","valueRequired":true,"valueName":"search_term_string"}}],"inLanguage":"pt-BR"},{"@type":"Organization","@id":"http:\/\/ileawo.com\/pt-br\/#organization","name":"Il\u00e9 Awo","url":"http:\/\/ileawo.com\/pt-br\/","logo":{"@type":"ImageObject","inLanguage":"pt-BR","@id":"http:\/\/ileawo.com\/pt-br\/#\/schema\/logo\/image\/","url":"https:\/\/ileawo.com\/wp-content\/uploads\/revslider\/Bienvenido\/Logo-Ile-Awo-20201.png","contentUrl":"https:\/\/ileawo.com\/wp-content\/uploads\/revslider\/Bienvenido\/Logo-Ile-Awo-20201.png","width":500,"height":155,"caption":"Il\u00e9 Awo"},"image":{"@id":"http:\/\/ileawo.com\/pt-br\/#\/schema\/logo\/image\/"},"sameAs":["https:\/\/www.facebook.com\/ifabiyii","https:\/\/x.com\/ifabiyii","https:\/\/www.instagram.com\/ifabiyii_akoda\/"]},{"@type":"Person","@id":"http:\/\/ileawo.com\/pt-br\/#\/schema\/person\/5b4d3af5a9aa8f02fe88dbeb048ef64a","name":"If\u00e1b\u00edy\u00ec\u00ed Ak\u00f3d\u00e0","image":{"@type":"ImageObject","inLanguage":"pt-BR","@id":"https:\/\/secure.gravatar.com\/avatar\/07530fd5fec1f19247b6ca33a6f419284691fff29c8857d86ea771d943bdba08?s=96&d=mm&r=g","url":"https:\/\/secure.gravatar.com\/avatar\/07530fd5fec1f19247b6ca33a6f419284691fff29c8857d86ea771d943bdba08?s=96&d=mm&r=g","contentUrl":"https:\/\/secure.gravatar.com\/avatar\/07530fd5fec1f19247b6ca33a6f419284691fff29c8857d86ea771d943bdba08?s=96&d=mm&r=g","caption":"If\u00e1b\u00edy\u00ec\u00ed Ak\u00f3d\u00e0"},"sameAs":["https:\/\/ileawo.com\/"]}]}},"_links":{"self":[{"href":"https:\/\/ileawo.com\/pt-br\/wp-json\/wp\/v2\/posts\/6637","targetHints":{"allow":["GET"]}}],"collection":[{"href":"https:\/\/ileawo.com\/pt-br\/wp-json\/wp\/v2\/posts"}],"about":[{"href":"https:\/\/ileawo.com\/pt-br\/wp-json\/wp\/v2\/types\/post"}],"author":[{"embeddable":true,"href":"https:\/\/ileawo.com\/pt-br\/wp-json\/wp\/v2\/users\/1"}],"replies":[{"embeddable":true,"href":"https:\/\/ileawo.com\/pt-br\/wp-json\/wp\/v2\/comments?post=6637"}],"version-history":[{"count":0,"href":"https:\/\/ileawo.com\/pt-br\/wp-json\/wp\/v2\/posts\/6637\/revisions"}],"wp:featuredmedia":[{"embeddable":true,"href":"https:\/\/ileawo.com\/pt-br\/wp-json\/wp\/v2\/media\/6634"}],"wp:attachment":[{"href":"https:\/\/ileawo.com\/pt-br\/wp-json\/wp\/v2\/media?parent=6637"}],"wp:term":[{"taxonomy":"category","embeddable":true,"href":"https:\/\/ileawo.com\/pt-br\/wp-json\/wp\/v2\/categories?post=6637"}],"curies":[{"name":"wp","href":"https:\/\/api.w.org\/{rel}","templated":true}]}}